{"id":3179,"date":"2026-06-15T14:26:13","date_gmt":"2026-06-15T12:26:13","guid":{"rendered":"https:\/\/www.rimsportcerveteri.it\/?p=3179"},"modified":"2026-06-15T14:26:13","modified_gmt":"2026-06-15T12:26:13","slug":"cerveteri-ricorda-daniele-papa-con-il-6-trofeo-a-lui-dedicato","status":"publish","type":"post","link":"https:\/\/www.rimsportcerveteri.it\/index.php\/2026\/06\/15\/cerveteri-ricorda-daniele-papa-con-il-6-trofeo-a-lui-dedicato\/","title":{"rendered":"Cerveteri ricorda Daniele Papa con il 6\u00b0 Trofeo a lui dedicato"},"content":{"rendered":"\n<h2 class=\"wp-block-heading\">Domenica 21 giugno, presso il centro sportivo RIM, una giornata di sport per ricordare Daniele<\/h2>\n\n\n\n<p>Calcetto, padel e pallavolo, giovani uniti dallo sport nel ricordo di Daniele Papa: domenica 21 giugno, presso il&nbsp;&nbsp; Centro sportivo RIM di Cerveteri, si svolger\u00e0 la sesta edizione del Trofeo dedicato alla memoria del&nbsp; giovane cerveterano scomparso in un incidente di volo. Fortemente voluto dai suoi amici e dai suoi cari, il Memorial chiamer\u00e0 a raccolta tutti coloro che hanno condiviso un tratto di strada con Daniele e non solo. L\u2019obiettivo \u00e8 sempre duplice, ricordare e aggregare, cercando di farlo attraverso una delle grandi passioni di Daniele: lo sport.<\/p>\n\n\n\n<p>Si partir\u00e0 la mattina alle 9:00 per poi proseguire tutto il giorno. Saranno organizzati dei tornei misti e non solo. Si potr\u00e0 partecipare anche senza una squadra completa perch\u00e9, a quel punto, saranno gli organizzatori a unire i diversi giocatori nello spirito di condivisione che caratterizza questo evento.<\/p>\n\n\n\n<figure class=\"wp-block-image size-full\"><img fetchpriority=\"high\" decoding=\"async\" width=\"792\" height=\"988\" src=\"https:\/\/www.rimsportcerveteri.it\/wp-content\/uploads\/2026\/06\/locandina-memorial-papa.jpg\" alt=\"\" class=\"wp-image-3180\" srcset=\"https:\/\/www.rimsportcerveteri.it\/wp-content\/uploads\/2026\/06\/locandina-memorial-papa.jpg 792w, https:\/\/www.rimsportcerveteri.it\/wp-content\/uploads\/2026\/06\/locandina-memorial-papa-240x300.jpg 240w, https:\/\/www.rimsportcerveteri.it\/wp-content\/uploads\/2026\/06\/locandina-memorial-papa-768x958.jpg 768w\" sizes=\"(max-width: 792px) 100vw, 792px\" \/><\/figure>\n\n\n\n<p>\u201cL\u2019idea \u00e8 quella di creare un gruppo sempre pi\u00f9 grande \u2013 ha dichiarato uno degli organizzatori \u2013 e ogni anno diventiamo sempre di pi\u00f9. \u00c8 una giornata diversa, sicuramente di divertimento, ma sempre con il ricordo rivolto a Daniele che era la persona pi\u00f9 sportiva che conoscessi. Per questo ogni anno cerchiamo di aggiungere qualcosa. Recentemente \u00e8 stata inaugurata anche una panchina (al parco della Legnara ndr) in suo ricordo ed \u00e8 stato emozionante. L\u2019idea \u00e8 quella di omaggiare un ragazzo che accoglieva tutti e a cui tutti volevano bene. La panchina simboleggia proprio quello: mettiti seduto e stai un po\u2019 qui con me, non sei solo\u201d.<\/p>\n","protected":false},"excerpt":{"rendered":"<p>Domenica 21 giugno, presso il centro sportivo RIM, una giornata di sport per ricordare Daniele Calcetto, padel e pallavolo, giovani uniti dallo sport nel ricordo di Daniele Papa: domenica 21 giugno, presso il&nbsp;&nbsp; Centro sportivo RIM di Cerveteri, si svolger\u00e0 la sesta edizione del Trofeo dedicato alla memoria del&nbsp; giovane cerveterano scomparso in un incidente [&hellip;]<\/p>\n","protected":false},"author":25,"featured_media":3180,"comment_status":"open","ping_status":"open","sticky":false,"template":"","format":"standard","meta":{"footnotes":""},"categories":[14],"tags":[33,15],"class_list":["post-3179","post","type-post","status-publish","format-standard","has-post-thumbnail","hentry","category-progetti","tag-news-dal-centro","tag-sport"],"_links":{"self":[{"href":"https:\/\/www.rimsportcerveteri.it\/index.php\/wp-json\/wp\/v2\/posts\/3179","targetHints":{"allow":["GET"]}}],"collection":[{"href":"https:\/\/www.rimsportcerveteri.it\/index.php\/wp-json\/wp\/v2\/posts"}],"about":[{"href":"https:\/\/www.rimsportcerveteri.it\/index.php\/wp-json\/wp\/v2\/types\/post"}],"author":[{"embeddable":true,"href":"https:\/\/www.rimsportcerveteri.it\/index.php\/wp-json\/wp\/v2\/users\/25"}],"replies":[{"embeddable":true,"href":"https:\/\/www.rimsportcerveteri.it\/index.php\/wp-json\/wp\/v2\/comments?post=3179"}],"version-history":[{"count":1,"href":"https:\/\/www.rimsportcerveteri.it\/index.php\/wp-json\/wp\/v2\/posts\/3179\/revisions"}],"predecessor-version":[{"id":3181,"href":"https:\/\/www.rimsportcerveteri.it\/index.php\/wp-json\/wp\/v2\/posts\/3179\/revisions\/3181"}],"wp:featuredmedia":[{"embeddable":true,"href":"https:\/\/www.rimsportcerveteri.it\/index.php\/wp-json\/wp\/v2\/media\/3180"}],"wp:attachment":[{"href":"https:\/\/www.rimsportcerveteri.it\/index.php\/wp-json\/wp\/v2\/media?parent=3179"}],"wp:term":[{"taxonomy":"category","embeddable":true,"href":"https:\/\/www.rimsportcerveteri.it\/index.php\/wp-json\/wp\/v2\/categories?post=3179"},{"taxonomy":"post_tag","embeddable":true,"href":"https:\/\/www.rimsportcerveteri.it\/index.php\/wp-json\/wp\/v2\/tags?post=3179"}],"curies":[{"name":"wp","href":"https:\/\/api.w.org\/{rel}","templated":true}]}}