{"id":3170,"date":"2026-06-08T19:20:19","date_gmt":"2026-06-08T17:20:19","guid":{"rendered":"https:\/\/www.rimsportcerveteri.it\/?p=3170"},"modified":"2026-06-09T01:39:21","modified_gmt":"2026-06-08T23:39:21","slug":"cerveteri-claudio-tomasicchio-campione-under-22-del-campionato-nazionale-olandese-di-basket","status":"publish","type":"post","link":"https:\/\/www.rimsportcerveteri.it\/index.php\/2026\/06\/08\/cerveteri-claudio-tomasicchio-campione-under-22-del-campionato-nazionale-olandese-di-basket\/","title":{"rendered":"Cerveteri, Claudio Tomasicchio campione under 22 del campionato nazionale olandese di basket"},"content":{"rendered":"\n<h2 class=\"wp-block-heading\">L\u2019intervista a Claudio al suo rientro in Italia: \u201cCerveteri e la RIM sono la mia casa, \u00e8 successo qualcosa che va oltre ci\u00f2 che avevo sognato\u201d<\/h2>\n\n\n\n<p>Tira a canestro da quando ha 4 anni e, oggi, \u00e8 campione d\u2019Olanda: Claudio Tomasicchio, atleta classe 2005, infatti, ha trionfato nell\u2019Eredivise Under 22 dei Paesi Bassi. Partito da Cerveteri a settembre consapevole di doversi guadagnare il proprio posto in campo, il cestista verdebl\u00f9 \u00e8 diventato sempre pi\u00f9 protagonista con i suoi Hot Pepper Heat, convincendo coach Wierd Goedee, autentica bandiera della nazionale orange di basket.<\/p>\n\n\n\n<p>Di rientro a casa per l\u2019estate, Claudio \u00e8 passato al centro sportivo RIM dove \u00e8 cresciuto e ha raccontato la propria esperienza portando con s\u00e9, tra le altre cose, la sua prima casacca, una sorta di cimelio che racconta un percorso ancora tutto da tracciare.<\/p>\n\n\n\n<p>\u201cIn finale abbiamo vinto 114-77 contro i Lands Lake Lions e devo dire che li abbiamo travolti. Il coach, che \u00e8 un visionario, aveva preparato la partita al meglio nelle 2 settimane precedenti. Giocare nel Palazzetto dello Sport di Almere \u00e8 stato incredibile. L\u00ec gioca la nazionale olandese e la federazione organizza l\u00ec anche tutte le finali under pi\u00f9 le finali di Serie A2. Quando sono entrato e ho visto giocare le persone prima di me ho letteralmente pensato, porca miseria, ora tocca a me (ride ndr). Essere in lista come giocatore, far entrare i miei genitori con il pass, \u00e8 stato tutto pazzesco. Diciamo che loro erano un po\u2019 scettici all\u2019inizio perch\u00e9 anche l\u2019allenatore non era convintissimo e aveva meso le cose in chiaro. Loro pensavano che avrei tralasciato lo studio e tutto il resto. Invece, piano piano, ho capito come portare avanti tutto quanto e alla fine ho giocato una finale nazionale\u201d.<\/p>\n\n\n\n<figure class=\"wp-block-gallery has-nested-images columns-default is-cropped wp-block-gallery-1 is-layout-flex wp-block-gallery-is-layout-flex\">\n<figure class=\"wp-block-image size-large\"><img fetchpriority=\"high\" decoding=\"async\" width=\"768\" height=\"1024\" data-id=\"3172\" src=\"https:\/\/www.rimsportcerveteri.it\/wp-content\/uploads\/2026\/06\/claudio-con-prima-canotta-768x1024.jpg\" alt=\"\" class=\"wp-image-3172\" srcset=\"https:\/\/www.rimsportcerveteri.it\/wp-content\/uploads\/2026\/06\/claudio-con-prima-canotta-768x1024.jpg 768w, https:\/\/www.rimsportcerveteri.it\/wp-content\/uploads\/2026\/06\/claudio-con-prima-canotta-225x300.jpg 225w, https:\/\/www.rimsportcerveteri.it\/wp-content\/uploads\/2026\/06\/claudio-con-prima-canotta-1152x1536.jpg 1152w, https:\/\/www.rimsportcerveteri.it\/wp-content\/uploads\/2026\/06\/claudio-con-prima-canotta-1536x2048.jpg 1536w, https:\/\/www.rimsportcerveteri.it\/wp-content\/uploads\/2026\/06\/claudio-con-prima-canotta-scaled.jpg 1920w\" sizes=\"(max-width: 768px) 100vw, 768px\" \/><\/figure>\n\n\n\n<figure class=\"wp-block-image size-large\"><img decoding=\"async\" width=\"768\" height=\"1024\" data-id=\"3174\" src=\"https:\/\/www.rimsportcerveteri.it\/wp-content\/uploads\/2026\/06\/claudio-maglie-768x1024.jpg\" alt=\"\" class=\"wp-image-3174\" srcset=\"https:\/\/www.rimsportcerveteri.it\/wp-content\/uploads\/2026\/06\/claudio-maglie-768x1024.jpg 768w, https:\/\/www.rimsportcerveteri.it\/wp-content\/uploads\/2026\/06\/claudio-maglie-225x300.jpg 225w, https:\/\/www.rimsportcerveteri.it\/wp-content\/uploads\/2026\/06\/claudio-maglie-1152x1536.jpg 1152w, https:\/\/www.rimsportcerveteri.it\/wp-content\/uploads\/2026\/06\/claudio-maglie-1536x2048.jpg 1536w, https:\/\/www.rimsportcerveteri.it\/wp-content\/uploads\/2026\/06\/claudio-maglie-scaled.jpg 1920w\" sizes=\"(max-width: 768px) 100vw, 768px\" \/><\/figure>\n\n\n\n<figure class=\"wp-block-image size-large\"><img decoding=\"async\" width=\"768\" height=\"1024\" data-id=\"3171\" src=\"https:\/\/www.rimsportcerveteri.it\/wp-content\/uploads\/2026\/06\/Claudio-Tomasicchio-768x1024.jpg\" alt=\"\" class=\"wp-image-3171\" srcset=\"https:\/\/www.rimsportcerveteri.it\/wp-content\/uploads\/2026\/06\/Claudio-Tomasicchio-768x1024.jpg 768w, https:\/\/www.rimsportcerveteri.it\/wp-content\/uploads\/2026\/06\/Claudio-Tomasicchio-225x300.jpg 225w, https:\/\/www.rimsportcerveteri.it\/wp-content\/uploads\/2026\/06\/Claudio-Tomasicchio-1152x1536.jpg 1152w, https:\/\/www.rimsportcerveteri.it\/wp-content\/uploads\/2026\/06\/Claudio-Tomasicchio-1536x2048.jpg 1536w, https:\/\/www.rimsportcerveteri.it\/wp-content\/uploads\/2026\/06\/Claudio-Tomasicchio-scaled.jpg 1920w\" sizes=\"(max-width: 768px) 100vw, 768px\" \/><\/figure>\n<\/figure>\n\n\n\n<p>\u201cIl risultato della finale \u00e8 stato piuttosto netto, ma la vera sfida \u00e8 stata in semifinale. Avevamo perso gara 1 di dieci punti e, al ritorno, abbiamo ribaltato il risultato. La nostra \u00e8 una squadra piena di talenti e confrontarsi con un ambiente cos\u00ec internazionale, con persone che hanno partecipato ad europei o che andranno al college, \u00e8 stato veramente stimolante. Io arrivo da Cerveteri, una piccola realt\u00e0 e questo mi aiuta a rimanere concentrato. Inutile dire che dopo la vittoria abbiamo festeggiato, dopo il photoshoot, con gavettoni a chiunque entrasse nello spogliatoio presidente incluso\u201d.<\/p>\n\n\n\n<p>\u201cDevo sicuramente ringraziare l\u2019allenatore che \u00e8 una persona incredibile, un professionista che ha un\u2019energia difficile da spiegare. Lui \u00e8 un punto di riferimento sia per le sue competenze sia perch\u00e9 da giocatore ha raggiunto la nazionale nella sua maturit\u00e0 sportiva, a 25 anni. Lui \u00e8 la dimostrazione che si pu\u00f2 continuare a crescere con tanto lavoro e mi ha fatto uscire dalla concezione che uno sportivo a 21 anni fosse gi\u00e0 formato. Lui ha giocato in Serie A olandese e poi ha iniziato come allenatore vincendo 2 campionati e un\u2019infinit\u00e0 di titoli under. Essere entrato stabilmente nelle rotazioni, mi ha ripagato di tutto. Mi ha convito del fatto che con il lavoro si possa recuperare quel ritardo che mi ha portato pi\u00f9 tardi al professionismo. E questo non \u00e8 solo un insegnamento sportivo, ma di vita\u201d.<\/p>\n\n\n\n<p>\u201cSono tanto legato a Cerveteri, quando sono tornato a Natale per la prima volta da settembre ho capito che mi mancavano proprio i luoghi, le abitudini. Ho capito che c\u2019\u00e8 una sorta di filo che mi lega. Qui ho fatto scuole, basket e nonostante sono tanti anni che vado in giro per l\u2019Italia per lavorare nei diversi tornei, ho sempre sentito che questa \u00e8 casa mia anche se sapevo che sarei andato altrove. L\u2019Olanda ci ha messo un pi\u00f9 a diventare casa, soprattutto all\u2019inizio volevo tornare. Poi ho capito cosa stavo vivendo e ho trovato la mia dimensione. Non ho rapporto conflittuale, anzi, \u00e8 un po\u2019 come se vivessi 2 vite diverse. Qui abbiamo gi\u00e0 organizzato tanti tornei e continueremo a fare promozione per il basket. Sento che sto facendo la mia parte portando quello che ho imparato\u201d.<\/p>\n\n\n\n<p>\u201cGioco qui dai tempi del Basket Cerveteri \u2013 ha concluso Claudio \u2013 e ho visto questo centro sportivo trasformarsi. Quando \u00e8 arrivata la RIM io avevo 11 anni e quel motto: si scrive RIM si legge famiglia \u00e8 vero perch\u00e9 per quanti problemi possano esserci, io sono stato sempre bene. Devo ringraziare Andrea Sclano che \u00e8 stato l\u2019allenatore che mi ha indirizzato verso il vero basket e insegnato la disciplina. Poi non posso non menzionare Antonio Pica, per me lui \u00e8 queta societ\u00e0, penso a tutto quello che ha fatto per il basket e al rapporto che ha creato con noi. Quando me ne sono andato dalla Smith, a Roma, ha fatto di tutto per riportarmi. L\u2019anno scorso ho deciso di fare un\u2019altra stagione qui, nonostante potessi tornare a Roma e, alla fine, grazie ad IBA, mi hanno notato e sono andato in Olanda. Insomma, non sai mai quello che pu\u00f2 succedere. Sono convinto che se insegui le tue passioni, prima o poi qualcosa succede. Per me la RIM \u00e8 il porto sicuro e quel pallone ha un odore diverso da tutti gli altri. Sono fortunato e sono contento di essere dove sono, ho obiettivi ambiziosi e cerco di alzare l\u2019asticella. Probabilmente ho gi\u00e0 superato quello che sognavo di fare da bambino. Sono contento di tutto\u201d.<\/p>\n","protected":false},"excerpt":{"rendered":"<p>L\u2019intervista a Claudio al suo rientro in Italia: \u201cCerveteri e la RIM sono la mia casa, \u00e8 successo qualcosa che va oltre ci\u00f2 che avevo sognato\u201d Tira a canestro da quando ha 4 anni e, oggi, \u00e8 campione d\u2019Olanda: Claudio Tomasicchio, atleta classe 2005, infatti, ha trionfato nell\u2019Eredivise Under 22 dei Paesi Bassi. Partito da [&hellip;]<\/p>\n","protected":false},"author":25,"featured_media":3171,"comment_status":"open","ping_status":"open","sticky":false,"template":"","format":"standard","meta":{"footnotes":""},"categories":[10],"tags":[25,33],"class_list":["post-3170","post","type-post","status-publish","format-standard","has-post-thumbnail","hentry","category-basket","tag-basket","tag-news-dal-centro"],"_links":{"self":[{"href":"https:\/\/www.rimsportcerveteri.it\/index.php\/wp-json\/wp\/v2\/posts\/3170","targetHints":{"allow":["GET"]}}],"collection":[{"href":"https:\/\/www.rimsportcerveteri.it\/index.php\/wp-json\/wp\/v2\/posts"}],"about":[{"href":"https:\/\/www.rimsportcerveteri.it\/index.php\/wp-json\/wp\/v2\/types\/post"}],"author":[{"embeddable":true,"href":"https:\/\/www.rimsportcerveteri.it\/index.php\/wp-json\/wp\/v2\/users\/25"}],"replies":[{"embeddable":true,"href":"https:\/\/www.rimsportcerveteri.it\/index.php\/wp-json\/wp\/v2\/comments?post=3170"}],"version-history":[{"count":3,"href":"https:\/\/www.rimsportcerveteri.it\/index.php\/wp-json\/wp\/v2\/posts\/3170\/revisions"}],"predecessor-version":[{"id":3178,"href":"https:\/\/www.rimsportcerveteri.it\/index.php\/wp-json\/wp\/v2\/posts\/3170\/revisions\/3178"}],"wp:featuredmedia":[{"embeddable":true,"href":"https:\/\/www.rimsportcerveteri.it\/index.php\/wp-json\/wp\/v2\/media\/3171"}],"wp:attachment":[{"href":"https:\/\/www.rimsportcerveteri.it\/index.php\/wp-json\/wp\/v2\/media?parent=3170"}],"wp:term":[{"taxonomy":"category","embeddable":true,"href":"https:\/\/www.rimsportcerveteri.it\/index.php\/wp-json\/wp\/v2\/categories?post=3170"},{"taxonomy":"post_tag","embeddable":true,"href":"https:\/\/www.rimsportcerveteri.it\/index.php\/wp-json\/wp\/v2\/tags?post=3170"}],"curies":[{"name":"wp","href":"https:\/\/api.w.org\/{rel}","templated":true}]}}