{"id":1597,"date":"2025-07-28T12:27:18","date_gmt":"2025-07-28T10:27:18","guid":{"rendered":"https:\/\/www.rimsportcerveteri.it\/?p=1597"},"modified":"2025-07-28T12:27:18","modified_gmt":"2025-07-28T10:27:18","slug":"calcio-la-rim-formalizza-liscrizione-al-campionato-regionale-under-15","status":"publish","type":"post","link":"https:\/\/www.rimsportcerveteri.it\/index.php\/2025\/07\/28\/calcio-la-rim-formalizza-liscrizione-al-campionato-regionale-under-15\/","title":{"rendered":"Calcio, la RIM formalizza l\u2019iscrizione al campionato regionale Under 15"},"content":{"rendered":"\n<p>Dopo la vittoria del proprio girone provinciale nella stagione appena trascorsa, la RIM ha formalizzato l\u2019iscrizione dell\u2019Under 15 al Campionato Regionale di categoria. Per la prima volta in questo campionato, la societ\u00e0 \u00e8 gi\u00e0 al lavoro sulla squadra. Sorteggiati nel girone A, i verdebl\u00f9 giocheranno i loro match la domenica mattina al Centro Sportivo Mataloni delle Due Casette grazie alla collaborazione rinnovata e rafforzata con la DM84.<\/p>\n\n\n\n<figure class=\"wp-block-image alignleft size-full is-resized\"><img decoding=\"async\" src=\"https:\/\/www.rimsportcerveteri.it\/wp-content\/uploads\/2025\/07\/calcio-1.jpg\" alt=\"Calcio, la RIM formalizza l\u2019iscrizione al campionato regionale Under 15\" class=\"wp-image-1599\" style=\"width:424px;height:auto\" \/><\/figure>\n\n\n\n<p>\u201cAbbiamo gi\u00e0 una buona base e siamo pronti a partire. Rifineremo La rosa con qualche innesto per affrontare il campionato al meglio. Puntiamo chiaramente alla salvezza e a salire il pi\u00f9 possibile anche con le altre categorie che abbia gi\u00e0 iscritto ai rispettivi campioanti\u201d ha dichiarato Mister Carbone, allenatore ad interim della squadra. \u201cCi tengo a ringraziare, come sempre, la dirigenza in primis Ilenia Rinaldi che crede nel progetto, la DM84 e, infine, i miei colleghi Paolo Lancianese e Massimo Paolangeli con cui stiamo cercando di crescere&nbsp;ancora\u201d.<\/p>\n","protected":false},"excerpt":{"rendered":"<p>Dopo la vittoria del proprio girone provinciale nella stagione appena trascorsa, la RIM ha formalizzato l\u2019iscrizione dell\u2019Under 15 al Campionato Regionale di categoria. Per la prima volta in questo campionato, la societ\u00e0 \u00e8 gi\u00e0 al lavoro sulla squadra. Sorteggiati nel girone A, i verdebl\u00f9 giocheranno i loro match la domenica mattina al Centro Sportivo Mataloni [&hellip;]<\/p>\n","protected":false},"author":25,"featured_media":1599,"comment_status":"open","ping_status":"open","sticky":false,"template":"","format":"standard","meta":{"footnotes":""},"categories":[9],"tags":[20,15],"class_list":["post-1597","post","type-post","status-publish","format-standard","has-post-thumbnail","hentry","category-calcio","tag-calcio","tag-sport"],"_links":{"self":[{"href":"https:\/\/www.rimsportcerveteri.it\/index.php\/wp-json\/wp\/v2\/posts\/1597","targetHints":{"allow":["GET"]}}],"collection":[{"href":"https:\/\/www.rimsportcerveteri.it\/index.php\/wp-json\/wp\/v2\/posts"}],"about":[{"href":"https:\/\/www.rimsportcerveteri.it\/index.php\/wp-json\/wp\/v2\/types\/post"}],"author":[{"embeddable":true,"href":"https:\/\/www.rimsportcerveteri.it\/index.php\/wp-json\/wp\/v2\/users\/25"}],"replies":[{"embeddable":true,"href":"https:\/\/www.rimsportcerveteri.it\/index.php\/wp-json\/wp\/v2\/comments?post=1597"}],"version-history":[{"count":1,"href":"https:\/\/www.rimsportcerveteri.it\/index.php\/wp-json\/wp\/v2\/posts\/1597\/revisions"}],"predecessor-version":[{"id":1600,"href":"https:\/\/www.rimsportcerveteri.it\/index.php\/wp-json\/wp\/v2\/posts\/1597\/revisions\/1600"}],"wp:featuredmedia":[{"embeddable":true,"href":"https:\/\/www.rimsportcerveteri.it\/index.php\/wp-json\/wp\/v2\/media\/1599"}],"wp:attachment":[{"href":"https:\/\/www.rimsportcerveteri.it\/index.php\/wp-json\/wp\/v2\/media?parent=1597"}],"wp:term":[{"taxonomy":"category","embeddable":true,"href":"https:\/\/www.rimsportcerveteri.it\/index.php\/wp-json\/wp\/v2\/categories?post=1597"},{"taxonomy":"post_tag","embeddable":true,"href":"https:\/\/www.rimsportcerveteri.it\/index.php\/wp-json\/wp\/v2\/tags?post=1597"}],"curies":[{"name":"wp","href":"https:\/\/api.w.org\/{rel}","templated":true}]}}