{"id":1359,"date":"2025-02-11T22:06:05","date_gmt":"2025-02-11T21:06:05","guid":{"rendered":"https:\/\/www.rimsportcerveteri.it\/?p=1359"},"modified":"2025-02-11T23:06:49","modified_gmt":"2025-02-11T22:06:49","slug":"calcio-francesco-de-stradis-da-cerveteri-alle-giovanili-del-frosinone","status":"publish","type":"post","link":"https:\/\/www.rimsportcerveteri.it\/index.php\/2025\/02\/11\/calcio-francesco-de-stradis-da-cerveteri-alle-giovanili-del-frosinone\/","title":{"rendered":"Calcio, Francesco De\u00a0Stradis\u00a0da Cerveteri alle giovanili del Frosinone"},"content":{"rendered":"\n<h2 class=\"wp-block-heading\">Calcio, Francesco De\u00a0Stradis\u00a0da Cerveteri alle giovanili del Frosinone<\/h2>\n\n\n\n<figure class=\"wp-block-gallery has-nested-images columns-default is-cropped wp-block-gallery-1 is-layout-flex wp-block-gallery-is-layout-flex\">\n<figure class=\"wp-block-image size-large\"><img fetchpriority=\"high\" decoding=\"async\" width=\"1301\" height=\"975\" data-id=\"1362\" src=\"https:\/\/www.rimsportcerveteri.it\/wp-content\/uploads\/2025\/02\/De-Stradis-1-edited.jpg\" alt=\"\" class=\"wp-image-1362\" srcset=\"https:\/\/www.rimsportcerveteri.it\/wp-content\/uploads\/2025\/02\/De-Stradis-1-edited.jpg 1301w, https:\/\/www.rimsportcerveteri.it\/wp-content\/uploads\/2025\/02\/De-Stradis-1-edited-300x225.jpg 300w, https:\/\/www.rimsportcerveteri.it\/wp-content\/uploads\/2025\/02\/De-Stradis-1-edited-1024x767.jpg 1024w, https:\/\/www.rimsportcerveteri.it\/wp-content\/uploads\/2025\/02\/De-Stradis-1-edited-768x576.jpg 768w\" sizes=\"(max-width: 1301px) 100vw, 1301px\" \/><\/figure>\n\n\n\n<figure class=\"wp-block-image size-large\"><img decoding=\"async\" data-id=\"1363\" src=\"https:\/\/www.rimsportcerveteri.it\/wp-content\/uploads\/2025\/02\/De-stradis-edited.jpg\" alt=\"\" class=\"wp-image-1363\"\/><\/figure>\n<\/figure>\n\n\n\n<p><em>Fr<\/em><em>a<\/em><em>ncesco De&nbsp;<\/em><em>Stradis<\/em><em>&nbsp;si allena con il Frosinone gi\u00e0 da settembre, titolare in Under 12, ha fatto il suo esordio anche con l\u2019under 13<\/em><\/p>\n\n\n\n<p>Classe 2013, Francesco De&nbsp;Stradis, giovanissimo calciatore etrusco, ha iniziato, da settembre, ad allenarsi con una delle cantere pi\u00f9 importanti della Regione Lazio: il Frosinone Calcio, squadra che, attualmente, milita nel campionato di Serie B. Centrocampista centrale, Francesco ha tirato i suoi primi calci alla RIM Sport Cerveteri dove, grazie al lavoro di mister Fabrizio Carbone e del suo staff, \u00e8 riuscito a crescere e a farsi notare nel corso di un\u2019estate in cui diverse squadre lo avevano selezionato.&nbsp;<\/p>\n\n\n\n<p>\u201cSta andando bene, Francesco \u00e8 felice di questa esperienza e si sta togliendo diverse soddisfazioni\u201d ha spiegato il pap\u00e0, Daniele. \u201cSi sta allenando nel polo tecnico del Frosinone a Roma e sta disputando il campionato Under 12 nel quale gioca stabilmente. In quel campionato, sempre su scala regionale, hanno vinto 10 partite su 13. Proprio lo scorso weekend&nbsp;hanno battuto&nbsp;la Lazio 5 a 2. Poi, ogni tanto il mister lo premia convocandolo con i ragazzi pi\u00f9 grandi e ha gi\u00e0 esordito con gli Under 13 giocando i secondi tempi di 2 partite. Chiaramente una societ\u00e0 del genere ti permette di fare esperienze importanti, hanno disputato un torneo di livello nazionale a Monterotondo con Roma, Lazio, Genoa, Spezia e Salernitana tanto per citarne alcune. Oppure sono andati ad Ascoli per delle amichevoli e sono partiti con il pullman proprio come fossero una squadra di Serie A\u201d.<\/p>\n\n\n\n<p>\u201cSicuramente \u00e8 impegnativo sia per noi che per lui\u201d ha sottolineato Daniele. \u201cParliamo di 3 allenamenti a settimana, a Roma pi\u00f9 la o le partite. Gli scorsi anni lo abbiamo tenuto qui a Cerveteri, ma quest\u2019estate abbiamo ceduto ed \u00e8 stato lui stesso a scegliere la societ\u00e0. Ha dei momenti di stanchezza, soprattutto per il viaggio, &nbsp;ma cerchiamo di conciliare lo studio e lo sport e se lui \u00e8 felice, va bene\u201d.<\/p>\n\n\n\n<p>Un percorso che \u00e8 partito proprio dalla RIM Sport Cerveteri quando Francesco aveva 6 anni. \u201cHa instaurato un legame bellissimo con Fabrizio &#8211; ha spiegato Daniele \u2013 tanto che a volte fa anche un quarto allenamento aggiuntivo proprio alla RIM\u201d.<\/p>\n\n\n\n<p>\u201cQuando lo ho avuto alla&nbsp;RIM \u2013 ha esordito mister Fabrizio Carbone &#8211;&nbsp;ho visto subito che aveva un talento:&nbsp;il carattere e la grinta. Poi&nbsp;abbiamo iniziato a lavorare sulla&nbsp;tecnica calcistica&nbsp;e sulla sua emotivit\u00e0. Ho capito che poteva fare pi\u00f9 ruoli, piano piano cresceva. Quando il Frosinone mi ha detto subito di essere interessato. Ha grinta, qualit\u00e0 e temperamento, ma, soprattutto, ha un\u2019intelligenza calcistica difficile da trovare alla sua et\u00e0. Tanto \u00e8 vero che sta giocando sotto et\u00e0 e questo \u00e8 importante. Lo sto seguendo, il Frosinone con tutta probabilit\u00e0 lo confermer\u00e0 anche per il prossimo anno. Ogni tanto viene da me, lo aiuto\u201d.&nbsp;<\/p>\n\n\n\n<p>\u201cLa tecnica calcistica che facciamo qua \u2013 ha spiegato il mister &#8211; non la fa nessuno e i nostri ragazzi crescono a dismisura. Dobbiamo andare avanti nel lavoro cercando di piazzare i ragazzi nelle societ\u00e0 importanti. Questo \u00e8 il lavoro che dobbiamo fare alla RIM calcio\u201d.<\/p>\n","protected":false},"excerpt":{"rendered":"<p>Calcio, Francesco De\u00a0Stradis\u00a0da Cerveteri alle giovanili del Frosinone Francesco De&nbsp;Stradis&nbsp;si allena con il Frosinone gi\u00e0 da settembre, titolare in Under 12, ha fatto il suo esordio anche con l\u2019under 13 Classe 2013, Francesco De&nbsp;Stradis, giovanissimo calciatore etrusco, ha iniziato, da settembre, ad allenarsi con una delle cantere pi\u00f9 importanti della Regione Lazio: il Frosinone Calcio, [&hellip;]<\/p>\n","protected":false},"author":1,"featured_media":0,"comment_status":"closed","ping_status":"open","sticky":false,"template":"","format":"standard","meta":{"footnotes":""},"categories":[9,14],"tags":[37,20,33,41,15],"class_list":["post-1359","post","type-post","status-publish","format-standard","hentry","category-calcio","category-progetti","tag-bambini","tag-calcio","tag-news-dal-centro","tag-progetti","tag-sport"],"_links":{"self":[{"href":"https:\/\/www.rimsportcerveteri.it\/index.php\/wp-json\/wp\/v2\/posts\/1359","targetHints":{"allow":["GET"]}}],"collection":[{"href":"https:\/\/www.rimsportcerveteri.it\/index.php\/wp-json\/wp\/v2\/posts"}],"about":[{"href":"https:\/\/www.rimsportcerveteri.it\/index.php\/wp-json\/wp\/v2\/types\/post"}],"author":[{"embeddable":true,"href":"https:\/\/www.rimsportcerveteri.it\/index.php\/wp-json\/wp\/v2\/users\/1"}],"replies":[{"embeddable":true,"href":"https:\/\/www.rimsportcerveteri.it\/index.php\/wp-json\/wp\/v2\/comments?post=1359"}],"version-history":[{"count":2,"href":"https:\/\/www.rimsportcerveteri.it\/index.php\/wp-json\/wp\/v2\/posts\/1359\/revisions"}],"predecessor-version":[{"id":1418,"href":"https:\/\/www.rimsportcerveteri.it\/index.php\/wp-json\/wp\/v2\/posts\/1359\/revisions\/1418"}],"wp:attachment":[{"href":"https:\/\/www.rimsportcerveteri.it\/index.php\/wp-json\/wp\/v2\/media?parent=1359"}],"wp:term":[{"taxonomy":"category","embeddable":true,"href":"https:\/\/www.rimsportcerveteri.it\/index.php\/wp-json\/wp\/v2\/categories?post=1359"},{"taxonomy":"post_tag","embeddable":true,"href":"https:\/\/www.rimsportcerveteri.it\/index.php\/wp-json\/wp\/v2\/tags?post=1359"}],"curies":[{"name":"wp","href":"https:\/\/api.w.org\/{rel}","templated":true}]}}